{"id":933,"date":"2025-03-01T17:47:36","date_gmt":"2025-03-01T15:47:36","guid":{"rendered":"https:\/\/nihongo.fi\/?p=933"},"modified":"2025-03-01T17:47:36","modified_gmt":"2025-03-01T15:47:36","slug":"tapahtumat-vuonna-2018-2022-%e8%a1%8c%e4%ba%8b","status":"publish","type":"post","link":"https:\/\/nihongo.fi\/?p=933","title":{"rendered":"Tapahtumat vuonna 2018-2022\/\u884c\u4e8b"},"content":{"rendered":"<header class=\"entry-header\"><\/header>\n<header class=\"entry-header\"><\/header>\n<header class=\"entry-header\"><\/header>\n<header class=\"entry-header\"><\/header>\n<header class=\"entry-header\">\n<h1 class=\"entry-title\">Tapahtumat vuonna 2022\/\u884c\u4e8b<\/h1>\n<\/header>\n<div class=\"entry-content\">\n<ul>\n<li>\n<h2><strong>29.1.2022\u00a0 Shinnenkai (Zoom) \/ \u65b0\u5e74\u4f1a\uff08Zoom\uff09<\/strong><\/h2>\n<\/li>\n<li>\n<h2>19.3.2022 \u00a0 35. japanin kielen puhetilaisuus \/ \u7b2c35\u56de\u65e5\u672c\u8a9e\u3067\u8a9e\u308b\u4f1a<\/h2>\n<p>J\u00e4rjest\u00e4imme lauantaina 19.3. 2022(13:00-16:15) LAB ja LUT ammattikorkeakoulussa\u300035.japanin kielen puhetilaisuus kokonaan verkossa\uff08Zoom).<\/p>\n<p>2022\u5e743\u670819\u65e5\uff08\u571f\uff09(13:00-16:15) \u306b LAB\u3001LUT\u5fdc\u7528\u79d1\u5b66\u5927\u5b66\u306b\u3066\u7b2c35\u56de\u65e5\u672c\u8a9e\u3067\u8a9e\u308b\u4f1a\u3092\u5168\u30aa\u30f3\u30e9\u30a4\u30f3\u3067\u958b\u50ac\u3044\u305f\u3057\u307e\u3057\u305f\u3002<\/li>\n<\/ul>\n<ul>\n<li>\n<h2><strong>7.5.2022 JOY:n luento : \u201cJapanin buddhalaisuus\u201d \/ JOY\u52c9\u5f37\u4f1a\u300c\u65e5\u672c\u306b\u304a\u3051\u308b\u4ecf\u6559\u300d<\/strong><\/h2>\n<\/li>\n<\/ul>\n<p>JOY j\u00e4rjestettiin\u00a07.5.2022\u00a0(la) klo 14-15:30\u00a0Japanin buddhalaisuutta k\u00e4sittelev\u00e4 luennon suomeksi.\u00a0Puhumassa on aihepiirin johtaviin asiantuntijoihin kuuluva\u00a0Japanin-tutkija Aleksi J\u00e4rvel\u00e4,\u00a0jonka esityksest\u00e4 saimme nauttia\u00a0my\u00f6s t\u00e4m\u00e4n vuoden japanin kielen puhetilaisuudessa.<\/p>\n<p>5\u67087\u65e5\uff08\u571f\uff0914\u6642\uff0d15\u6642\u534a\u3001JOY\u306e\u52c9\u5f37\u4f1a\u3092\u30aa\u30f3\u30e9\u30a4\u30f3\u3067\u958b\u50ac\u3057\u307e\u3057\u305f\u3002\u4eca\u5e74\u5ea6\u306e\u300c\u65e5\u672c\u8a9e\u3067\u8a9e\u308b\u4f1a\u300d\u3067\u3082\u8b1b\u6f14\u3057\u3066\u3044\u305f\u3060\u3044\u305f\u65e5\u672c\u7814\u7a76\u8005\u30a2<wbr \/>\u30ec\u30af\u30b7\u30fb\u30e4\u30eb\u30f4\u30a7\u30e9\u6c0f\u306b\u3001\u300c\u65e5\u672c\u306b\u304a\u3051\u308b\u4ecf\u6559\u300d\u306b\u3064\u3044\u3066\u3001\u30d5\u30a3\u30f3\u30e9\u30f3\u30c9\u8a9e\u3067\u767a\u8868\u3057\u3066\u3044\u305f<wbr \/>\u3060\u304d\u307e\u3057\u305f\u3002<\/p>\n<ul class=\"has-medium-font-size wp-block-list\">\n<li>\n<h2><strong>20.11.2022 JOY vuosikokous klo 15-17 (Zoom) \/\u00a0 JOY\u5e74\u6b21\u7dcf\u4f1a<\/strong><\/h2>\n<\/li>\n<li>\n<h2><strong>3.12.2022 JOY:n luento: \u201cJapanilainen nykyelokuva\u201d\uff0fJOY\u52c9\u5f37\u4f1a\u300c\u73fe\u4ee3\u65e5\u672c\u6620\u753b\u300d<\/strong><\/h2>\n<\/li>\n<\/ul>\n<p>\u2014\u2014\u2014\u2013<\/p>\n<\/div>\n<h1 class=\"entry-title\">Tapahtumat vuonna 2021\/\u884c\u4e8b<\/h1>\n<div class=\"entry-content\">\n<p><strong>30.1.2021\u00a0 Shinnenkai (Zoom)\/ \u65b0\u5e74\u4f1a\uff08Zoom\uff09<\/strong><\/p>\n<p><strong>20.3.2021\u00a0\u00a0 34. japanin kielen puhetilaisuus\/ <\/strong><strong>\u7b2c34\u56de\u65e5\u672c\u8a9e\u3067\u8a9e\u308b\u4f1a <\/strong>\uff08\u30aa\u30f3\u30e9\u30a4\u30f3\u958b\u50ac\u3000\u30e6\u30d0\u30b9\u30ad\u30e5\u30e9\u5927\u5b66\uff09<\/p>\n<p><strong>17.4.2021\u00a0 Suomennettu japanilainen kaunokirjallisuus kautta aikojen\/ \u300c\u30d5\u30a3\u30f3\u30e9\u30f3\u30c9\u306b\u304a\u3051\u308b\u65e5\u672c\u6587\u5b66\u306e\u7ffb\u8a33\u53f2\u300d<\/strong><\/p>\n<p>Puhuja: Pirjo-Riitta Kuusikko\/ \u8b1b\u5e2b\uff1a\u30d4\u30ea\u30e8\uff1d\u30ea\u30fc\u30c3\u30bf\u30fb\u30af\u30fc\u30b7\u30c3\u30b3\u6c0f<\/p>\n<p>aihetta k\u00e4sittelev\u00e4 blogi: <a href=\"https:\/\/uniensilta.com\/\">https:\/\/uniensilta.com\/ <\/a>\u30d6\u30ed\u30b0\uff1a<a href=\"https:\/\/uniensilta.com\/\">https:\/\/uniensilta.com\/<\/a><\/p>\n<p><strong>8.5.2021 JOY:n kev\u00e4\u00e4n opintopiiri\/ JOY \u6625\u306e\u30aa\u30f3\u30e9\u30a4\u30f3\u52c9\u5f37\u4f1a\u306e\u958b\u50ac<\/strong><\/p>\n<p><strong>21.11.2021 JOY:n vuosikokous klo 16-18\uff08Zoom\uff09\/ 16\u6642-18\u6642\u3000JOY\u5e74\u6b21\u7dcf\u4f1a\uff08Zoom\uff09<\/strong><\/p>\n<p>\u2014\u2014\u2014\u2013<\/p>\n<\/div>\n<h1 class=\"entry-title\">Tapahtumat vuonna 2020\/\u884c\u4e8b<\/h1>\n<div class=\"entry-content\">\n<p><strong>25.1.2020 Shinnenkai\/ \u65b0\u5e74\u4f1a<\/strong><\/p>\n<p><strong>20.3.2020 JOY:n kev\u00e4t workshop<\/strong> \u201cFonetiikan opetus\u201d\/ <strong>JOY\u7b2c10\u56de\u52c9\u5f37\u4f1a<\/strong>\u00a0\u300c\u97f3\u58f0\u3092\u6559\u3048\u308b\u300d<\/p>\n<p>Chisato Yoshioka (Japan Foundation, K\u00f6ln)\/ \u8b1b\u5e2b\u3000\u5409\u5ca1\u5343\u91cc\u00a0\u00a0 \u5148\u751f\uff08\u56fd\u969b\u4ea4\u6d41\u57fa\u91d1\u30b1\u30eb\u30f3\u65e5\u672c\u6587\u5316\u4f1a\u9928\uff09<\/p>\n<p><strong>16.5.2020 JOY:n online workshop\/\u00a0<\/strong><strong>2020\u5e745\u670816\u65e5\u3000JOY\u7279\u5225\u30aa\u30f3\u30e9\u30a4\u30f3\u52c9\u5f37\u4f1a<\/strong><\/p>\n<p>\u201cMiten \u2018-no da, -n desu\u2019 voidaan opettaa tehokkaasti?\u201d\/ <span class=\"ITWTqi_23IoOPmK3O6ErT\">\u300c\u306e\u3060\uff08\u3093\u3067\u3059\uff09\u306e\u52b9\u679c\u7684\u306a\u6559\u3048\u65b9\u300d<\/span><\/p>\n<p>Yukihiro Oohasi (University of Latvia)\/ \u8b1b\u5e2b\u3000\u5927\u6a4b\u5e78\u535a\u00a0\u00a0 \u5148\u751f\uff08\u30e9\u30c8\u30d3\u30a2\u5927\u5b66\uff09<\/p>\n<p><strong>26.9.2020 JOY Japanin kulttuuria k\u00e4sittelev\u00e4n luento\/ <\/strong><strong>JOY<span lang=\"ja\">\u65e5\u672c\u6587\u5316\u8b1b\u6f14\u4f1a<\/span><\/strong><\/p>\n<p>\u201cMusiikki Japanin kulttuurissa\u201d\/ <span lang=\"ja\">\u300c\u65e5\u672c\u6587\u5316\u306b\u304a\u3051\u308b\u97f3\u697d\u300d<\/span><\/p>\n<p>FT Lasse Lehtonen (Tokion yliopisto)\/ <span lang=\"ja\">\u8b1b\u5e2b\uff1a\u30e9\u30c3\u30bb\u30fb\u30ec\u30d8\u30c8\u30cd\u30f3\u6c0f\u3000\uff08\u6771\u4eac\u5927\u5b66\uff09<\/span><\/p>\n<p>(Profiili\/ <span lang=\"ja\">\u30d7\u30ed\u30d5\u30a3\u30fc\u30eb<\/span>: <a href=\"https:\/\/eur01.safelinks.protection.outlook.com\/?url=http%3A%2F%2Flasseajlehtonen.wordpress.com%2F&amp;data=02%7C01%7C%7C55d75b6417a346e2c4bd08d84aa2439f%7C84df9e7fe9f640afb435aaaaaaaaaaaa%7C1%7C0%7C637341408058480867&amp;sdata=4tcva2moSVGMFiNyjBKbs3FPcDYoOGbL1OH0juxsNcE%3D&amp;reserved=0\">http:\/\/lasseajlehtonen.wordpress.com\/<\/a>)<\/p>\n<p><strong>22.11.2020 JOY:n vuosikokous\/ JOY\u7dcf\u4f1a<\/strong><\/p>\n<p>\u2014\u2014\u2014\u2014\u2014\u2014\u2014\u2014<\/p>\n<\/div>\n<h1 class=\"entry-title\">Tapahtumat vuonna 2019\/\u884c\u4e8b<\/h1>\n<div class=\"entry-content\">\n<p><strong>26.1.2019 Shinnenkai\/ \u65b0\u5e74\u4f1a<\/strong><\/p>\n<p><strong>22.3.2019\u00a0 JOY:n j<span class=\"ITWTqi_23IoOPmK3O6ErT\">apanin kulttuurin opettamisen workshop\/ <\/span><\/strong><strong>JOY\u52c9\u5f37\u4f1a\u300c\u65e5\u672c\u6587\u5316\u306e\u6559\u3048\u65b9\u300d<\/strong><\/p>\n<p>Christian Galan (Toulousen yliopisto)\/ \u30b2\u30b9\u30c8\u3000\u30af\u30ea\u30b9\u30c1\u30e3\u30f3\u30fb\u30ac\u30e9\u30f3\uff08\u30c8\u30a5\u30fc\u30eb\u30fc\u30ba\u5927\u5b66\uff09<\/p>\n<p><strong>23.3.2019\u00a0\u00a0\u00a0 33. Japanin kielen puhetilaisuus\u00a0<\/strong>Helsingin ty\u00f6v\u00e4enopistossa\/ <strong>\u7b2c33\u56de\u65e5\u672c\u8a9e\u3067\u8a9e\u308b\u4f1a\u00a0<\/strong>\u30d8\u30eb\u30b7\u30f3\u30ad\u6210\u4eba\u5b66\u6821<\/p>\n<p><strong>29.3.2019 JOY:n kev\u00e4tworkshop\/ <\/strong><strong>JOY\u52c9\u5f37\u4f1a\u00a0<\/strong><\/p>\n<p>\u201cT<span lang=\"aa\">eaching\u00a0\u00a0<\/span><span lang=\"aa\">Intermediate\u00a0<\/span><span lang=\"aa\">and\u00a0<\/span><span lang=\"aa\">A<\/span><span lang=\"aa\">dvanced classes<\/span>\u201c\/ <strong>\u300c<\/strong>\u7d9a\u3000\u4e2d\u4e0a\u7d1a\u3092\u6559\u3048\u308b<strong>\u300d<\/strong><\/p>\n<p>Chisato Yoshioka (Japan Foundation, K\u00f6ln)\/ \u8b1b\u5e2b\u3000\u5409\u5ca1\u5343\u91cc\u00a0\u00a0 \u5148\u751f\uff08\u56fd\u969b\u4ea4\u6d41\u57fa\u91d1\u30b1\u30eb\u30f3\u65e5\u672c\u6587\u5316\u4f1a\u9928\uff09<\/p>\n<p><strong>23.8.2019 JOY.n\u00a0<span class=\"ITWTqi_23IoOPmK3O6ErT\">Workshop vieraana Koike Emiko-sensei\/ <\/span><\/strong><strong>JOY\u30ef\u30fc\u30af\u30b7\u30e7\u30c3\u30d7\u3000<\/strong><\/p>\n<p><strong>\u300c\u5c0f\u6c60\u6075\u5df1\u5b50\u5148\u751f\u3092\u56f2\u3093\u3067\u306e\u4f1a\u300d<\/strong><\/p>\n<p>Emiko Koike (Waseda-yliopisto)\/ \u8b1b\u5e2b\u3000\u5c0f\u6c60\u6075\u5df1\u5b50\u3000\u5148\u751f\uff08\u65e9\u7a32\u7530\u5927\u5b66)<\/p>\n<p><strong>8.9.2019\u00a0\u00a0\u00a0\u00a0 Annantalon Japani-p\u00e4iv\u00e4\/ \u30a2\u30f3\u30ca\u30f3\u30bf\u30ed\u3000Japani-p\u00e4iv\u00e4\u30a4\u30d9\u30f3\u30c8\u3000\u53c2\u52a0<\/strong><\/p>\n<p><strong>8.11.2019 JOY:n syksyworkshop\/ <\/strong><strong>JOY\u52c9\u5f37\u4f1a<\/strong><\/p>\n<p>\u201d Verkkomateriaalit kieltenopetuksessa\u201d\/ <strong>\u300c<\/strong>\u30aa\u30f3\u30e9\u30a4\u30f3\u6559\u6750\u306e\u3042\u308a\u65b9<strong>\u300d<\/strong><\/p>\n<p>Tuure Puurunen (Aasian ja Afrikan kielten hanke, koordinaattori)\/ \u8b1b\u5e2b\u3000Tuure Puurunen \u5148\u751f (\u30a2\u30b8\u30a2\u30fb\u30a2\u30d5\u30ea\u30ab\u8a00\u8a9e\u30d7\u30ed\u30b8\u30a7\u30af\u30c8, \u65e5\u672c\u8a9e\u30b3\u30fc\u30c7\u30a3\u30cd\u30fc\u30bf\u30fc\uff09<\/p>\n<p><strong>28.11.2019 JOY:n vuosikokous\/ JOY\u7dcf\u4f1a\u3000<\/strong><\/p>\n<p>\u2014\u2014\u2013<\/p>\n<\/div>\n<h1 class=\"entry-title\">Tapahtumat vuonna 2018\/\u884c\u4e8b<\/h1>\n<div class=\"entry-content\">\n<p><strong>26.1.2018\u00a0\u00a0\u00a0\u00a0 Shinnenkai\/ \u65b0\u5e74\u4f1a<\/strong><\/p>\n<p><strong>24.3.2018\u00a0\u00a0\u00a0\u00a0 32. Japanin kielen puhetilaisuus<\/strong> Turun yliopistossa\/<\/p>\n<p><strong>\u7b2c32\u56de\u65e5\u672c\u8a9e\u3067\u8a9e\u308b\u4f1a\u00a0<\/strong>\u30c8\u30a5\u30eb\u30af\u5927\u5b66<\/p>\n<p><strong>13.4.2018\u00a0\u00a0\u00a0\u00a0\u00a0 JOY:n workshop<\/strong> (koulutustilaisuus)\/ <strong>JOY\u52c9\u5f37\u4f1a<br \/>\n<\/strong><\/p>\n<p>\u201cTips for using online tools and materials on the teaching\u201d\/ \u300c\u30a4\u30f3\u30bf\u30fc\u30cd\u30c3\u30c8\u3067\u3053\u3093\u306a\u3053\u3068\u3067\u304d\u307e\u3059\uff0d\u30a6\u30a7\u30d6\u3084\u30a2\u30d7\u30ea\u3092\u4f7f\u3063\u305f\u6388\u696d\u30a2\u30a4\u30c7\u30a2\u7d39\u4ecb\uff0d\u300d<\/p>\n<p>Shunsuke Hirakawa (Japan Foundation, K\u00f6ln)\/ \u8b1b\u5e2b\u3000\u5e73\u5ddd\u4fca\u52a9\u5148\u751f\uff08\u56fd\u969b\u4ea4\u6d41\u57fa\u91d1\u30b1\u30eb\u30f3\u65e5\u672c\u6587\u5316\u4f1a\u9928\uff09<\/p>\n<p><strong>9.9.2018\u00a0\u00a0\u00a0\u00a0\u00a0\u00a0\u00a0 Japani-p\u00e4iv\u00e4<\/strong> Annantalossa\/ <strong>\u30a2\u30f3\u30ca\u30f3\u30bf\u30ed\u3000Japani-p\u00e4iv\u00e4\u30a4\u30d9\u30f3\u30c8\u3000\u53c2\u52a0<\/strong><\/p>\n<p><strong>30.11.2018\u00a0 \u3000 Vuosikokous\/ \u5e74\u6b21\u7dcf\u4f1a<\/strong><\/p>\n<p>\u2014\u2014\u2013<\/p>\n<\/div>\n","protected":false},"excerpt":{"rendered":"<p>Tapahtumat vuonna 2022\/\u884c\u4e8b 29.1.2022\u00a0 Shinnenkai (Zoom) \/ \u65b0\u5e74\u4f1a\uff08Zoom\uff09 19.3.2022 \u00a0 35. japanin kielen puhetilaisuus \/ \u7b2c35\u56de\u65e5\u672c\u8a9e\u3067\u8a9e\u308b\u4f1a J\u00e4rjest\u00e4imme lauantaina 19.3. 2022(13:00-16:15) LAB ja LUT ammattikorkeakoulussa\u300035.japanin kielen puhetilaisuus kokonaan verkossa\uff08Zoom). 2022\u5e743\u670819\u65e5\uff08\u571f\uff09(13:00-16:15) \u306b LAB\u3001LUT\u5fdc\u7528\u79d1\u5b66\u5927\u5b66\u306b\u3066\u7b2c35\u56de\u65e5\u672c\u8a9e\u3067\u8a9e\u308b\u4f1a\u3092\u5168\u30aa\u30f3\u30e9\u30a4\u30f3\u3067\u958b\u50ac\u3044\u305f\u3057\u307e\u3057\u305f\u3002 7.5.2022 JOY:n luento : \u201cJapanin buddhalaisuus\u201d \/ JOY\u52c9\u5f37\u4f1a\u300c\u65e5\u672c\u306b\u304a\u3051\u308b\u4ecf\u6559\u300d JOY j\u00e4rjestettiin\u00a07.5.2022\u00a0(la) klo 14-15:30\u00a0Japanin buddhalaisuutta k\u00e4sittelev\u00e4 luennon suomeksi.\u00a0Puhumassa on aihepiirin johtaviin asiantuntijoihin kuuluva\u00a0Japanin-tutkija Aleksi J\u00e4rvel\u00e4,\u00a0jonka esityksest\u00e4 [&hellip;]<\/p>\n","protected":false},"author":1,"featured_media":0,"comment_status":"closed","ping_status":"closed","sticky":false,"template":"","format":"standard","meta":{"footnotes":""},"categories":[1],"tags":[],"class_list":["post-933","post","type-post","status-publish","format-standard","hentry","category-uncategorized"],"_links":{"self":[{"href":"https:\/\/nihongo.fi\/index.php?rest_route=\/wp\/v2\/posts\/933","targetHints":{"allow":["GET"]}}],"collection":[{"href":"https:\/\/nihongo.fi\/index.php?rest_route=\/wp\/v2\/posts"}],"about":[{"href":"https:\/\/nihongo.fi\/index.php?rest_route=\/wp\/v2\/types\/post"}],"author":[{"embeddable":true,"href":"https:\/\/nihongo.fi\/index.php?rest_route=\/wp\/v2\/users\/1"}],"replies":[{"embeddable":true,"href":"https:\/\/nihongo.fi\/index.php?rest_route=%2Fwp%2Fv2%2Fcomments&post=933"}],"version-history":[{"count":1,"href":"https:\/\/nihongo.fi\/index.php?rest_route=\/wp\/v2\/posts\/933\/revisions"}],"predecessor-version":[{"id":934,"href":"https:\/\/nihongo.fi\/index.php?rest_route=\/wp\/v2\/posts\/933\/revisions\/934"}],"wp:attachment":[{"href":"https:\/\/nihongo.fi\/index.php?rest_route=%2Fwp%2Fv2%2Fmedia&parent=933"}],"wp:term":[{"taxonomy":"category","embeddable":true,"href":"https:\/\/nihongo.fi\/index.php?rest_route=%2Fwp%2Fv2%2Fcategories&post=933"},{"taxonomy":"post_tag","embeddable":true,"href":"https:\/\/nihongo.fi\/index.php?rest_route=%2Fwp%2Fv2%2Ftags&post=933"}],"curies":[{"name":"wp","href":"https:\/\/api.w.org\/{rel}","templated":true}]}}